{"id":3813,"date":"2023-10-10T17:31:47","date_gmt":"2023-10-10T17:31:47","guid":{"rendered":"http:\/\/www.kanha.ca\/SEC\/?p=3813"},"modified":"2026-04-16T20:23:32","modified_gmt":"2026-04-16T20:23:32","slug":"le-trouble-du-spectre-de-lautisme-a-lage-adulte","status":"publish","type":"post","link":"https:\/\/www.carrefourfgafp.ca\/ServicesEducatifsComplementaires\/2023\/10\/10\/le-trouble-du-spectre-de-lautisme-a-lage-adulte\/","title":{"rendered":"Le trouble du spectre de l\u2019autisme \u00e0 l\u2019\u00e2ge adulte"},"content":{"rendered":"\n<h2 class=\"wp-block-heading\">Le trouble du spectre de l\u2019autisme \u00e0 l\u2019\u00e2ge adulte<\/h2>\n\n\n\n<p>Comprendre les sp\u00e9cificit\u00e9s du trouble du spectre de l\u2019autisme demande des connaissances approfondies sur les particularit\u00e9s et les besoins des adultes vivant avec un TSA. Comment adapter nos situations p\u00e9dagogiques? Quelles sont les interventions \u00e0 privil\u00e9gier? Par ce webinaire, les intervenants des services \u00e9ducatifs compl\u00e9mentaires pourront adapter leurs pratiques et \u00e9changer sur les strat\u00e9gies gagnantes des adultes en formation peu importe leur service d\u2019\u00e9tude.<\/p>\n\n\n\n<p><strong>Animation<\/strong>: St\u00e9phanie Arel, conseill\u00e8re p\u00e9dagogique en adaptation scolaire au CSSRS, Annie Glaude, psycho\u00e9ducatrice au CSSRS et Karine Jacques, orthop\u00e9dagogue nationale pour les services \u00e9ducatifs compl\u00e9mentaires (S\u00c9C) Ce webinaire a \u00e9t\u00e9 pr\u00e9sent\u00e9 le 19 avril 2021.<\/p>\n\n\n\n<p><a href=\"https:\/\/www.youtube.com\/watch?v=22ks9-PYvpU\" target=\"_blank\" data-type=\"link\" data-id=\"https:\/\/www.youtube.com\/watch?v=22ks9-PYvpU\" rel=\"noreferrer noopener\">ENREGISTREMENT DU WEBINAIRE<\/a><\/p>\n\n\n\n<p><a href=\"https:\/\/drive.google.com\/file\/d\/16eTO0COfbRr_OgrLzC0tK2XGBsHYIr1r\/view\" target=\"_blank\" rel=\"noreferrer noopener\">T\u00c9L\u00c9CHARGER LA PR\u00c9SENTATION<\/a><\/p>\n\n\n\n<p><a href=\"https:\/\/www.carrefourfgafp.ca\/SEC-temp\/tag\/documents\/\"><\/a><a href=\"https:\/\/www.carrefourfgafp.ca\/SEC-temp\/tag\/rencontres-via\/\"><\/a><\/p>\n","protected":false},"excerpt":{"rendered":"<p>Le trouble du spectre de l\u2019autisme \u00e0 l\u2019\u00e2ge adulte Comprendre les sp\u00e9cificit\u00e9s du trouble du spectre de l\u2019autisme demande des [&hellip;]<\/p>\n","protected":false},"author":2,"featured_media":6000,"comment_status":"closed","ping_status":"closed","sticky":false,"template":"","format":"standard","meta":{"_acf_changed":false,"inline_featured_image":false,"_uag_custom_page_level_css":"body{\n\tbackground:#fff !important;\n}","_monsterinsights_skip_tracking":false,"_monsterinsights_sitenote_active":false,"_monsterinsights_sitenote_note":"","_monsterinsights_sitenote_category":0,"site-sidebar-layout":"default","site-content-layout":"","ast-site-content-layout":"default","site-content-style":"default","site-sidebar-style":"default","ast-global-header-display":"","ast-banner-title-visibility":"","ast-main-header-display":"","ast-hfb-above-header-display":"","ast-hfb-below-header-display":"","ast-hfb-mobile-header-display":"","site-post-title":"disabled","ast-breadcrumbs-content":"","ast-featured-img":"","footer-sml-layout":"","theme-transparent-header-meta":"","adv-header-id-meta":"","stick-header-meta":"","header-above-stick-meta":"","header-main-stick-meta":"","header-below-stick-meta":"","astra-migrate-meta-layouts":"set","ast-page-background-enabled":"default","ast-page-background-meta":{"desktop":{"background-color":"var(--ast-global-color-4)","background-image":"","background-repeat":"repeat","background-position":"center center","background-size":"auto","background-attachment":"scroll","background-type":"","background-media":"","overlay-type":"","overlay-color":"","overlay-opacity":"","overlay-gradient":""},"tablet":{"background-color":"","background-image":"","background-repeat":"repeat","background-position":"center center","background-size":"auto","background-attachment":"scroll","background-type":"","background-media":"","overlay-type":"","overlay-color":"","overlay-opacity":"","overlay-gradient":""},"mobile":{"background-color":"","background-image":"","background-repeat":"repeat","background-position":"center center","background-size":"auto","background-attachment":"scroll","background-type":"","background-media":"","overlay-type":"","overlay-color":"","overlay-opacity":"","overlay-gradient":""}},"ast-content-background-meta":{"desktop":{"background-color":"var(--ast-global-color-5)","background-image":"","background-repeat":"repeat","background-position":"center center","background-size":"auto","background-attachment":"scroll","background-type":"","background-media":"","overlay-type":"","overlay-color":"","overlay-opacity":"","overlay-gradient":""},"tablet":{"background-color":"var(--ast-global-color-5)","background-image":"","background-repeat":"repeat","background-position":"center center","background-size":"auto","background-attachment":"scroll","background-type":"","background-media":"","overlay-type":"","overlay-color":"","overlay-opacity":"","overlay-gradient":""},"mobile":{"background-color":"var(--ast-global-color-5)","background-image":"","background-repeat":"repeat","background-position":"center center","background-size":"auto","background-attachment":"scroll","background-type":"","background-media":"","overlay-type":"","overlay-color":"","overlay-opacity":"","overlay-gradient":""}},"footnotes":""},"categories":[1],"tags":[],"class_list":["post-3813","post","type-post","status-publish","format-standard","has-post-thumbnail","hentry","category-uncategorized"],"acf":[],"uagb_featured_image_src":{"full":["https:\/\/www.carrefourfgafp.ca\/ServicesEducatifsComplementaires\/wp-content\/uploads\/2023\/10\/SEC_Causeries_virtuelles-12juin2023.jpeg",1504,1004,false],"thumbnail":["https:\/\/www.carrefourfgafp.ca\/ServicesEducatifsComplementaires\/wp-content\/uploads\/2023\/10\/SEC_Causeries_virtuelles-12juin2023-150x150.jpeg",150,150,true],"medium":["https:\/\/www.carrefourfgafp.ca\/ServicesEducatifsComplementaires\/wp-content\/uploads\/2023\/10\/SEC_Causeries_virtuelles-12juin2023-300x200.jpeg",300,200,true],"medium_large":["https:\/\/www.carrefourfgafp.ca\/ServicesEducatifsComplementaires\/wp-content\/uploads\/2023\/10\/SEC_Causeries_virtuelles-12juin2023-768x513.jpeg",768,513,true],"large":["https:\/\/www.carrefourfgafp.ca\/ServicesEducatifsComplementaires\/wp-content\/uploads\/2023\/10\/SEC_Causeries_virtuelles-12juin2023-1024x684.jpeg",1024,684,true],"1536x1536":["https:\/\/www.carrefourfgafp.ca\/ServicesEducatifsComplementaires\/wp-content\/uploads\/2023\/10\/SEC_Causeries_virtuelles-12juin2023.jpeg",1504,1004,false],"2048x2048":["https:\/\/www.carrefourfgafp.ca\/ServicesEducatifsComplementaires\/wp-content\/uploads\/2023\/10\/SEC_Causeries_virtuelles-12juin2023.jpeg",1504,1004,false]},"uagb_author_info":{"display_name":"Kanha Chap","author_link":"https:\/\/www.carrefourfgafp.ca\/ServicesEducatifsComplementaires\/author\/admin_sec\/"},"uagb_comment_info":0,"uagb_excerpt":"Le trouble du spectre de l\u2019autisme \u00e0 l\u2019\u00e2ge adulte Comprendre les sp\u00e9cificit\u00e9s du trouble du spectre de l\u2019autisme demande des [&hellip;]","_links":{"self":[{"href":"https:\/\/www.carrefourfgafp.ca\/ServicesEducatifsComplementaires\/wp-json\/wp\/v2\/posts\/3813","targetHints":{"allow":["GET"]}}],"collection":[{"href":"https:\/\/www.carrefourfgafp.ca\/ServicesEducatifsComplementaires\/wp-json\/wp\/v2\/posts"}],"about":[{"href":"https:\/\/www.carrefourfgafp.ca\/ServicesEducatifsComplementaires\/wp-json\/wp\/v2\/types\/post"}],"author":[{"embeddable":true,"href":"https:\/\/www.carrefourfgafp.ca\/ServicesEducatifsComplementaires\/wp-json\/wp\/v2\/users\/2"}],"replies":[{"embeddable":true,"href":"https:\/\/www.carrefourfgafp.ca\/ServicesEducatifsComplementaires\/wp-json\/wp\/v2\/comments?post=3813"}],"version-history":[{"count":2,"href":"https:\/\/www.carrefourfgafp.ca\/ServicesEducatifsComplementaires\/wp-json\/wp\/v2\/posts\/3813\/revisions"}],"predecessor-version":[{"id":9879,"href":"https:\/\/www.carrefourfgafp.ca\/ServicesEducatifsComplementaires\/wp-json\/wp\/v2\/posts\/3813\/revisions\/9879"}],"wp:featuredmedia":[{"embeddable":true,"href":"https:\/\/www.carrefourfgafp.ca\/ServicesEducatifsComplementaires\/wp-json\/wp\/v2\/media\/6000"}],"wp:attachment":[{"href":"https:\/\/www.carrefourfgafp.ca\/ServicesEducatifsComplementaires\/wp-json\/wp\/v2\/media?parent=3813"}],"wp:term":[{"taxonomy":"category","embeddable":true,"href":"https:\/\/www.carrefourfgafp.ca\/ServicesEducatifsComplementaires\/wp-json\/wp\/v2\/categories?post=3813"},{"taxonomy":"post_tag","embeddable":true,"href":"https:\/\/www.carrefourfgafp.ca\/ServicesEducatifsComplementaires\/wp-json\/wp\/v2\/tags?post=3813"}],"curies":[{"name":"wp","href":"https:\/\/api.w.org\/{rel}","templated":true}]}}