{"id":5297,"date":"2023-11-13T21:24:13","date_gmt":"2023-11-13T21:24:13","guid":{"rendered":"https:\/\/www.kanha.ca\/SEC\/?p=5297"},"modified":"2026-04-16T20:23:29","modified_gmt":"2026-04-16T20:23:29","slug":"mieux-accompagner-les-personnes-issues-de-limmigration","status":"publish","type":"post","link":"https:\/\/www.carrefourfgafp.ca\/ServicesEducatifsComplementaires\/2023\/11\/13\/mieux-accompagner-les-personnes-issues-de-limmigration\/","title":{"rendered":"Mieux accompagner les personnes issues de l\u2019immigration"},"content":{"rendered":"\n<div class=\"wp-block-uagb-container uagb-block-c6855bf6 alignfull uagb-is-root-container\"><div class=\"uagb-container-inner-blocks-wrap\">\n<div class=\"wp-block-uagb-container uagb-block-845c81d8\">\n<div class=\"wp-block-stackable-heading stk-block-heading stk-block-heading--v2 stk-block stk-85b3dc4\" id=\"span-style-color-var-ast-global-color-8-class-stk-highlight-19-avril-2021-span\" data-block-id=\"85b3dc4\"><style>.stk-85b3dc4{margin-bottom:0px !important}<\/style><h5 class=\"stk-block-heading__text\"><span style=\"color: var(--ast-global-color-8);\" class=\"stk-highlight\">19 avril 2021<\/span><\/h5><\/div>\n\n\n\n<div class=\"wp-block-stackable-heading stk-block-heading stk-block-heading--v2 stk-block stk-cb11196\" id=\"span-style-color-var-ast-global-color-3-class-stk-highlight-mieux-accompagner-les-personnes-issues-de-limmigration-span\" data-block-id=\"cb11196\"><h2 class=\"stk-block-heading__text\"><span style=\"color: var(--ast-global-color-3);\" class=\"stk-highlight\">Mieux accompagner les personnes issues de l\u2019immigration<\/span><\/h2><\/div>\n\n\n\n<div class=\"wp-block-stackable-heading stk-block-heading stk-block-heading--v2 stk-block stk-eaa4a97\" id=\"presente-par\" data-block-id=\"eaa4a97\"><h5 class=\"stk-block-heading__text\">Pr\u00e9sent\u00e9 par :<\/h5><\/div>\n<\/div>\n\n\n\n<div class=\"wp-block-uagb-icon-list uagb-block-95576cf7\"><div class=\"uagb-icon-list__wrap\">\n<div class=\"wp-block-uagb-icon-list-child uagb-block-b3e4ea74\"><span class=\"uagb-icon-list__source-wrap\"><svg xmlns=\"https:\/\/www.w3.org\/2000\/svg\" viewBox=\"0 0 512 512\"><path d=\"M256 0C114.6 0 0 114.6 0 256c0 141.4 114.6 256 256 256s256-114.6 256-256C512 114.6 397.4 0 256 0zM406.6 278.6l-103.1 103.1c-12.5 12.5-32.75 12.5-45.25 0s-12.5-32.75 0-45.25L306.8 288H128C110.3 288 96 273.7 96 256s14.31-32 32-32h178.8l-49.38-49.38c-12.5-12.5-12.5-32.75 0-45.25s32.75-12.5 45.25 0l103.1 103.1C414.6 241.3 416 251.1 416 256C416 260.9 414.6 270.7 406.6 278.6z\"><\/path><\/svg><\/span><span class=\"uagb-icon-list__label\">Judith Girardin, conseill\u00e8re p\u00e9dagogique au CSSRDN<\/span><\/div>\n<\/div><\/div>\n\n\n\n<div style=\"height:40px\" aria-hidden=\"true\" class=\"wp-block-spacer\"><\/div>\n\n\n\n<div class=\"wp-block-stackable-heading stk-block-heading stk-block-heading--v2 stk-block stk-5661b03\" id=\"description-de-latelier\" data-block-id=\"5661b03\"><style>.stk-5661b03{margin-bottom:0px !important}<\/style><h5 class=\"stk-block-heading__text\">Description de l\u2019atelier :<\/h5><\/div>\n\n\n\n<p>Accueillir des \u00e9l\u00e8ves allophones dans son centre peut repr\u00e9senter un d\u00e9fi. Prendre conscience du parcours migratoire, de l\u2019impact des traumatismes v\u00e9cus, de la r\u00e9alit\u00e9 diff\u00e9rente et des enjeux qui d\u00e9coulent d\u2019un choc culturel am\u00e8ne les intervenants \u00e0 mieux accompagner et accueillir ces adultes.<\/p>\n\n\n\n<div class=\"wp-block-uagb-container uagb-block-ccf26904 alignfull uagb-is-root-container\"><div class=\"uagb-container-inner-blocks-wrap\">\n<div class=\"wp-block-uagb-container uagb-block-0b5a8435\">\n<div class=\"wp-block-buttons is-layout-flex wp-block-buttons-is-layout-flex\">\n<div class=\"wp-block-button\"><a class=\"wp-block-button__link wp-element-button\" href=\"https:\/\/www.youtube.com\/watch?v=vOswGxZZySM&amp;embeds_referring_euri=https%3A%2F%2Faprescours.ticfga.ca%2F&amp;source_ve_path=OTY3MTQ&amp;feature=emb_imp_woyt\" target=\"_blank\" rel=\"noreferrer noopener\">ENREGISTREMENT DU WEBINAIRE<\/a><\/div>\n<\/div>\n<\/div>\n\n\n\n<div class=\"wp-block-uagb-container uagb-block-451a4a15\">\n<div class=\"wp-block-buttons is-layout-flex wp-block-buttons-is-layout-flex\">\n<div class=\"wp-block-button\"><a class=\"wp-block-button__link wp-element-button\" href=\"https:\/\/drive.google.com\/file\/d\/1HszGsX_a2piBU6rQ1R-OEMwzOioB2mSi\/view\" target=\"_blank\" rel=\"noreferrer noopener\">T\u00c9L\u00c9CHARGER LA PR\u00c9SENTATION<\/a><\/div>\n<\/div>\n<\/div>\n<\/div><\/div>\n<\/div><\/div>\n","protected":false},"excerpt":{"rendered":"<p>19 avril 2021 Mieux accompagner les personnes issues de l\u2019immigration Pr\u00e9sent\u00e9 par : Description de l\u2019atelier : Accueillir des \u00e9l\u00e8ves [&hellip;]<\/p>\n","protected":false},"author":2,"featured_media":5986,"comment_status":"closed","ping_status":"closed","sticky":false,"template":"","format":"standard","meta":{"_acf_changed":false,"inline_featured_image":false,"_uag_custom_page_level_css":"body{\n\tbackground: white !important\n\t\n}","_monsterinsights_skip_tracking":false,"_monsterinsights_sitenote_active":false,"_monsterinsights_sitenote_note":"","_monsterinsights_sitenote_category":0,"site-sidebar-layout":"default","site-content-layout":"","ast-site-content-layout":"default","site-content-style":"default","site-sidebar-style":"default","ast-global-header-display":"","ast-banner-title-visibility":"","ast-main-header-display":"","ast-hfb-above-header-display":"","ast-hfb-below-header-display":"","ast-hfb-mobile-header-display":"","site-post-title":"disabled","ast-breadcrumbs-content":"","ast-featured-img":"","footer-sml-layout":"","theme-transparent-header-meta":"","adv-header-id-meta":"","stick-header-meta":"","header-above-stick-meta":"","header-main-stick-meta":"","header-below-stick-meta":"","astra-migrate-meta-layouts":"set","ast-page-background-enabled":"default","ast-page-background-meta":{"desktop":{"background-color":"var(--ast-global-color-4)","background-image":"","background-repeat":"repeat","background-position":"center center","background-size":"auto","background-attachment":"scroll","background-type":"","background-media":"","overlay-type":"","overlay-color":"","overlay-opacity":"","overlay-gradient":""},"tablet":{"background-color":"","background-image":"","background-repeat":"repeat","background-position":"center center","background-size":"auto","background-attachment":"scroll","background-type":"","background-media":"","overlay-type":"","overlay-color":"","overlay-opacity":"","overlay-gradient":""},"mobile":{"background-color":"","background-image":"","background-repeat":"repeat","background-position":"center center","background-size":"auto","background-attachment":"scroll","background-type":"","background-media":"","overlay-type":"","overlay-color":"","overlay-opacity":"","overlay-gradient":""}},"ast-content-background-meta":{"desktop":{"background-color":"var(--ast-global-color-5)","background-image":"","background-repeat":"repeat","background-position":"center center","background-size":"auto","background-attachment":"scroll","background-type":"","background-media":"","overlay-type":"","overlay-color":"","overlay-opacity":"","overlay-gradient":""},"tablet":{"background-color":"var(--ast-global-color-5)","background-image":"","background-repeat":"repeat","background-position":"center center","background-size":"auto","background-attachment":"scroll","background-type":"","background-media":"","overlay-type":"","overlay-color":"","overlay-opacity":"","overlay-gradient":""},"mobile":{"background-color":"var(--ast-global-color-5)","background-image":"","background-repeat":"repeat","background-position":"center center","background-size":"auto","background-attachment":"scroll","background-type":"","background-media":"","overlay-type":"","overlay-color":"","overlay-opacity":"","overlay-gradient":""}},"footnotes":""},"categories":[1],"tags":[],"class_list":["post-5297","post","type-post","status-publish","format-standard","has-post-thumbnail","hentry","category-uncategorized"],"acf":[],"uagb_featured_image_src":{"full":["https:\/\/www.carrefourfgafp.ca\/ServicesEducatifsComplementaires\/wp-content\/uploads\/2023\/11\/immigration-17mai2023.jpeg",1500,1000,false],"thumbnail":["https:\/\/www.carrefourfgafp.ca\/ServicesEducatifsComplementaires\/wp-content\/uploads\/2023\/11\/immigration-17mai2023-150x150.jpeg",150,150,true],"medium":["https:\/\/www.carrefourfgafp.ca\/ServicesEducatifsComplementaires\/wp-content\/uploads\/2023\/11\/immigration-17mai2023-300x200.jpeg",300,200,true],"medium_large":["https:\/\/www.carrefourfgafp.ca\/ServicesEducatifsComplementaires\/wp-content\/uploads\/2023\/11\/immigration-17mai2023-768x512.jpeg",768,512,true],"large":["https:\/\/www.carrefourfgafp.ca\/ServicesEducatifsComplementaires\/wp-content\/uploads\/2023\/11\/immigration-17mai2023-1024x683.jpeg",1024,683,true],"1536x1536":["https:\/\/www.carrefourfgafp.ca\/ServicesEducatifsComplementaires\/wp-content\/uploads\/2023\/11\/immigration-17mai2023.jpeg",1500,1000,false],"2048x2048":["https:\/\/www.carrefourfgafp.ca\/ServicesEducatifsComplementaires\/wp-content\/uploads\/2023\/11\/immigration-17mai2023.jpeg",1500,1000,false]},"uagb_author_info":{"display_name":"Kanha Chap","author_link":"https:\/\/www.carrefourfgafp.ca\/ServicesEducatifsComplementaires\/author\/admin_sec\/"},"uagb_comment_info":0,"uagb_excerpt":"19 avril 2021 Mieux accompagner les personnes issues de l\u2019immigration Pr\u00e9sent\u00e9 par : Description de l\u2019atelier : Accueillir des \u00e9l\u00e8ves [&hellip;]","_links":{"self":[{"href":"https:\/\/www.carrefourfgafp.ca\/ServicesEducatifsComplementaires\/wp-json\/wp\/v2\/posts\/5297","targetHints":{"allow":["GET"]}}],"collection":[{"href":"https:\/\/www.carrefourfgafp.ca\/ServicesEducatifsComplementaires\/wp-json\/wp\/v2\/posts"}],"about":[{"href":"https:\/\/www.carrefourfgafp.ca\/ServicesEducatifsComplementaires\/wp-json\/wp\/v2\/types\/post"}],"author":[{"embeddable":true,"href":"https:\/\/www.carrefourfgafp.ca\/ServicesEducatifsComplementaires\/wp-json\/wp\/v2\/users\/2"}],"replies":[{"embeddable":true,"href":"https:\/\/www.carrefourfgafp.ca\/ServicesEducatifsComplementaires\/wp-json\/wp\/v2\/comments?post=5297"}],"version-history":[{"count":1,"href":"https:\/\/www.carrefourfgafp.ca\/ServicesEducatifsComplementaires\/wp-json\/wp\/v2\/posts\/5297\/revisions"}],"predecessor-version":[{"id":10379,"href":"https:\/\/www.carrefourfgafp.ca\/ServicesEducatifsComplementaires\/wp-json\/wp\/v2\/posts\/5297\/revisions\/10379"}],"wp:featuredmedia":[{"embeddable":true,"href":"https:\/\/www.carrefourfgafp.ca\/ServicesEducatifsComplementaires\/wp-json\/wp\/v2\/media\/5986"}],"wp:attachment":[{"href":"https:\/\/www.carrefourfgafp.ca\/ServicesEducatifsComplementaires\/wp-json\/wp\/v2\/media?parent=5297"}],"wp:term":[{"taxonomy":"category","embeddable":true,"href":"https:\/\/www.carrefourfgafp.ca\/ServicesEducatifsComplementaires\/wp-json\/wp\/v2\/categories?post=5297"},{"taxonomy":"post_tag","embeddable":true,"href":"https:\/\/www.carrefourfgafp.ca\/ServicesEducatifsComplementaires\/wp-json\/wp\/v2\/tags?post=5297"}],"curies":[{"name":"wp","href":"https:\/\/api.w.org\/{rel}","templated":true}]}}