{"id":8274,"date":"2024-06-18T17:43:39","date_gmt":"2024-06-18T17:43:39","guid":{"rendered":"https:\/\/www.carrefourfgafp.ca\/ServicesEducatifsComplementaires\/?p=8274"},"modified":"2026-04-16T20:23:23","modified_gmt":"2026-04-16T20:23:23","slug":"sante-mentale-positive-et-bien-etre-des-eleves","status":"publish","type":"post","link":"https:\/\/www.carrefourfgafp.ca\/ServicesEducatifsComplementaires\/2024\/06\/18\/sante-mentale-positive-et-bien-etre-des-eleves\/","title":{"rendered":"Sant\u00e9 mentale positive et bien-\u00eatre des \u00e9l\u00e8ves"},"content":{"rendered":"\n<h2 class=\"wp-block-heading\">Sant\u00e9 mentale positive et bien-\u00eatre des \u00e9l\u00e8ves<\/h2>\n\n\n\n<p>Les 23 et 24 mai derniers, l\u2019\u00e9quipe du Ministre de l&rsquo;\u00c9ducation, Monsieur Bernard Drainville, a organis\u00e9 deux journ\u00e9es th\u00e9matiques ax\u00e9es sur la sant\u00e9 mentale positive et<strong> <\/strong>le bien-\u00eatre des \u00e9l\u00e8ves ainsi que sur la pr\u00e9vention de la violence et de l\u2019intimidation en milieu scolaire. Ces journ\u00e9es avaient pour but de mobiliser les partenaires de l\u2019\u00e9ducation autour de ces enjeux cruciaux, afin de partager les meilleures pratiques et de renforcer les actions de promotion et de pr\u00e9vention.<\/p>\n\n\n\n<div class=\"wp-block-uagb-advanced-heading uagb-block-1e669131\"><h4 class=\"uagb-heading-text\"><strong>Journ\u00e9e de promotion de la sant\u00e9 mentale positive et du bien-\u00eatre &#8211; 23 mai 2024<\/strong><\/h4><\/div>\n\n\n\n<p>La premi\u00e8re journ\u00e9e, d\u00e9di\u00e9e \u00e0 la promotion de la sant\u00e9 mentale positive et du bien-\u00eatre, a rassembl\u00e9 divers acteurs du secteur de l\u2019\u00e9ducation et des organismes communautaires pour discuter des strat\u00e9gies et des initiatives visant \u00e0 favoriser un environnement scolaire sain et propice \u00e0 l\u2019\u00e9panouissement des \u00e9l\u00e8ves. Les discussions ont port\u00e9 sur l\u2019importance de la sant\u00e9 mentale positive comme fondement du bien-\u00eatre en \u00e9ducation. Les participants ont partag\u00e9 leurs exp\u00e9riences et leurs initiatives en mati\u00e8re de promotion de la sant\u00e9 mentale, mettant en avant l&rsquo;importance de programmes d\u2019\u00e9ducation socio-\u00e9motionnelle, de la formation continue des enseignants sur ces sujets et de la collaboration avec les familles pour soutenir les \u00e9l\u00e8ves dans et hors de l\u2019\u00e9cole. Cette journ\u00e9e a \u00e9galement mis en lumi\u00e8re l&rsquo;impact positif d\u2019un bon climat scolaire sur la r\u00e9ussite \u00e9ducative et le bien-\u00eatre g\u00e9n\u00e9ral des \u00e9l\u00e8ves et du personnel.<\/p>\n\n\n\n<div class=\"wp-block-uagb-advanced-heading uagb-block-9a0cc20e\"><h4 class=\"uagb-heading-text\"><strong>Journ\u00e9e de r\u00e9flexion et de mobilisation sur la pr\u00e9vention de la violence et de l\u2019intimidation &#8211; 24 mai 2024<\/strong><\/h4><\/div>\n\n\n\n<p>La deuxi\u00e8me journ\u00e9e \u00e9tait consacr\u00e9e \u00e0 la r\u00e9flexion et \u00e0 la mobilisation pour la pr\u00e9vention de la violence et de l\u2019intimidation dans les \u00e9coles. En guise d\u2019introduction, nous avons \u00e9cout\u00e9 le t\u00e9moignage d&rsquo;une jeune adulte qui nous raconte son parcours tumultueux au secondaire menant \u00e0 l&rsquo;interruption de sa formation. Effectivement, en raison de l\u2019intimidation qu\u2019elle vivait, elle s\u2019est ensuite dirig\u00e9e vers la formation \u00e0 distance pour compl\u00e9ter son DES. Bien que la table \u00e9tait mise pour parler de la FGA et de la FP, aucune r\u00e9flexion ne s\u2019est faite sur ces secteurs. Lors de la p\u00e9riode de questions, la conseill\u00e8re en intervention de l\u2019accompagnement national a partag\u00e9 son point de vue avec Monsieur Drainville, soulevant la question de l&rsquo;absence de mesures sp\u00e9cifiques \u00e0 la FGA et la FP pour accompagner ces \u00e9l\u00e8ves qui doivent poursuivre leur formation en FGA en raison de l\u2019intimidation et\/ou de la violence v\u00e9cues au secteur des jeunes.&nbsp;<\/p>\n\n\n\n<p>Des pr\u00e9sentations de diff\u00e9rents CSS sur les outils utilis\u00e9s dans leur milieu respectif nous ont \u00e9t\u00e9 pr\u00e9sent\u00e9es en guise d\u2019inspiration pour nos plans de lutte et la consignation des \u00e9v\u00e9nements de violence et d\u2019intimidation. La journ\u00e9e s\u2019est divis\u00e9e en 3 blocs de travail: Les mesures pr\u00e9ventives; les actions et interventions &#8211; Mesures de soutien et d\u2019encadrement puis les Sanctions disciplinaires et collaboration avec les parents.<\/p>\n\n\n\n<div class=\"wp-block-uagb-separator uagb-block-6dcc35ac\"><div class=\"wp-block-uagb-separator__inner\" style=\"--my-background-image:\"><\/div><\/div>\n\n\n\n<div class=\"wp-block-uagb-advanced-heading uagb-block-996b7551\"><h4 class=\"uagb-heading-text\">En guise de conclusion, le ministre Bernard Drainville a fait <strong>plusieurs annonces importantes:<\/strong><\/h4><\/div>\n\n\n\n<ul class=\"wp-block-list\">\n<li>Une semaine portant sur la pr\u00e9vention de la violence et de l\u2019intimidation s\u2019organisera dans tous les \u00e9tablissements scolaires du Qu\u00e9bec en 2024-2025;<\/li>\n\n\n\n<li>Un gabarit de plan de lutte contre l\u2019intimidation et la violence sera mis \u00e0 la disposition des \u00e9tablissements, afin de standardiser et d&rsquo;optimiser les interventions \u00e0 l\u2019automne 2024;<\/li>\n\n\n\n<li>Les formations obligatoires li\u00e9es au plan de lutte seront disponibles d\u00e8s l&rsquo;automne 2024. Elles seront de type asynchrone et interactif;<\/li>\n\n\n\n<li>Le r\u00e9f\u00e9rentiel bien-\u00eatre sera aussi disponible \u00e0 l\u2019automne 2024.<\/li>\n<\/ul>\n","protected":false},"excerpt":{"rendered":"<p>Sant\u00e9 mentale positive et bien-\u00eatre des \u00e9l\u00e8ves Les 23 et 24 mai derniers, l\u2019\u00e9quipe du Ministre de l&rsquo;\u00c9ducation, Monsieur Bernard [&hellip;]<\/p>\n","protected":false},"author":3,"featured_media":8286,"comment_status":"closed","ping_status":"closed","sticky":false,"template":"","format":"standard","meta":{"_acf_changed":false,"inline_featured_image":false,"_uag_custom_page_level_css":"","_monsterinsights_skip_tracking":false,"_monsterinsights_sitenote_active":false,"_monsterinsights_sitenote_note":"","_monsterinsights_sitenote_category":0,"site-sidebar-layout":"default","site-content-layout":"","ast-site-content-layout":"","site-content-style":"default","site-sidebar-style":"default","ast-global-header-display":"","ast-banner-title-visibility":"","ast-main-header-display":"","ast-hfb-above-header-display":"","ast-hfb-below-header-display":"","ast-hfb-mobile-header-display":"","site-post-title":"disabled","ast-breadcrumbs-content":"","ast-featured-img":"","footer-sml-layout":"","theme-transparent-header-meta":"","adv-header-id-meta":"","stick-header-meta":"","header-above-stick-meta":"","header-main-stick-meta":"","header-below-stick-meta":"","astra-migrate-meta-layouts":"default","ast-page-background-enabled":"default","ast-page-background-meta":{"desktop":{"background-color":"var(--ast-global-color-4)","background-image":"","background-repeat":"repeat","background-position":"center center","background-size":"auto","background-attachment":"scroll","background-type":"","background-media":"","overlay-type":"","overlay-color":"","overlay-opacity":"","overlay-gradient":""},"tablet":{"background-color":"","background-image":"","background-repeat":"repeat","background-position":"center center","background-size":"auto","background-attachment":"scroll","background-type":"","background-media":"","overlay-type":"","overlay-color":"","overlay-opacity":"","overlay-gradient":""},"mobile":{"background-color":"","background-image":"","background-repeat":"repeat","background-position":"center center","background-size":"auto","background-attachment":"scroll","background-type":"","background-media":"","overlay-type":"","overlay-color":"","overlay-opacity":"","overlay-gradient":""}},"ast-content-background-meta":{"desktop":{"background-color":"var(--ast-global-color-5)","background-image":"","background-repeat":"repeat","background-position":"center center","background-size":"auto","background-attachment":"scroll","background-type":"","background-media":"","overlay-type":"","overlay-color":"","overlay-opacity":"","overlay-gradient":""},"tablet":{"background-color":"var(--ast-global-color-5)","background-image":"","background-repeat":"repeat","background-position":"center center","background-size":"auto","background-attachment":"scroll","background-type":"","background-media":"","overlay-type":"","overlay-color":"","overlay-opacity":"","overlay-gradient":""},"mobile":{"background-color":"var(--ast-global-color-5)","background-image":"","background-repeat":"repeat","background-position":"center center","background-size":"auto","background-attachment":"scroll","background-type":"","background-media":"","overlay-type":"","overlay-color":"","overlay-opacity":"","overlay-gradient":""}},"footnotes":""},"categories":[33],"tags":[],"class_list":["post-8274","post","type-post","status-publish","format-standard","has-post-thumbnail","hentry","category-sante-bien-etre"],"acf":[],"uagb_featured_image_src":{"full":["https:\/\/www.carrefourfgafp.ca\/ServicesEducatifsComplementaires\/wp-content\/uploads\/2024\/06\/AdobeStock_563051020-1.jpeg",1536,1024,false],"thumbnail":["https:\/\/www.carrefourfgafp.ca\/ServicesEducatifsComplementaires\/wp-content\/uploads\/2024\/06\/AdobeStock_563051020-1-150x150.jpeg",150,150,true],"medium":["https:\/\/www.carrefourfgafp.ca\/ServicesEducatifsComplementaires\/wp-content\/uploads\/2024\/06\/AdobeStock_563051020-1-300x200.jpeg",300,200,true],"medium_large":["https:\/\/www.carrefourfgafp.ca\/ServicesEducatifsComplementaires\/wp-content\/uploads\/2024\/06\/AdobeStock_563051020-1-768x512.jpeg",768,512,true],"large":["https:\/\/www.carrefourfgafp.ca\/ServicesEducatifsComplementaires\/wp-content\/uploads\/2024\/06\/AdobeStock_563051020-1-1024x683.jpeg",1024,683,true],"1536x1536":["https:\/\/www.carrefourfgafp.ca\/ServicesEducatifsComplementaires\/wp-content\/uploads\/2024\/06\/AdobeStock_563051020-1.jpeg",1536,1024,false],"2048x2048":["https:\/\/www.carrefourfgafp.ca\/ServicesEducatifsComplementaires\/wp-content\/uploads\/2024\/06\/AdobeStock_563051020-1.jpeg",1536,1024,false]},"uagb_author_info":{"display_name":"cedric","author_link":"https:\/\/www.carrefourfgafp.ca\/ServicesEducatifsComplementaires\/author\/cedric\/"},"uagb_comment_info":0,"uagb_excerpt":"Sant\u00e9 mentale positive et bien-\u00eatre des \u00e9l\u00e8ves Les 23 et 24 mai derniers, l\u2019\u00e9quipe du Ministre de l&rsquo;\u00c9ducation, Monsieur Bernard [&hellip;]","_links":{"self":[{"href":"https:\/\/www.carrefourfgafp.ca\/ServicesEducatifsComplementaires\/wp-json\/wp\/v2\/posts\/8274","targetHints":{"allow":["GET"]}}],"collection":[{"href":"https:\/\/www.carrefourfgafp.ca\/ServicesEducatifsComplementaires\/wp-json\/wp\/v2\/posts"}],"about":[{"href":"https:\/\/www.carrefourfgafp.ca\/ServicesEducatifsComplementaires\/wp-json\/wp\/v2\/types\/post"}],"author":[{"embeddable":true,"href":"https:\/\/www.carrefourfgafp.ca\/ServicesEducatifsComplementaires\/wp-json\/wp\/v2\/users\/3"}],"replies":[{"embeddable":true,"href":"https:\/\/www.carrefourfgafp.ca\/ServicesEducatifsComplementaires\/wp-json\/wp\/v2\/comments?post=8274"}],"version-history":[{"count":5,"href":"https:\/\/www.carrefourfgafp.ca\/ServicesEducatifsComplementaires\/wp-json\/wp\/v2\/posts\/8274\/revisions"}],"predecessor-version":[{"id":8291,"href":"https:\/\/www.carrefourfgafp.ca\/ServicesEducatifsComplementaires\/wp-json\/wp\/v2\/posts\/8274\/revisions\/8291"}],"wp:featuredmedia":[{"embeddable":true,"href":"https:\/\/www.carrefourfgafp.ca\/ServicesEducatifsComplementaires\/wp-json\/wp\/v2\/media\/8286"}],"wp:attachment":[{"href":"https:\/\/www.carrefourfgafp.ca\/ServicesEducatifsComplementaires\/wp-json\/wp\/v2\/media?parent=8274"}],"wp:term":[{"taxonomy":"category","embeddable":true,"href":"https:\/\/www.carrefourfgafp.ca\/ServicesEducatifsComplementaires\/wp-json\/wp\/v2\/categories?post=8274"},{"taxonomy":"post_tag","embeddable":true,"href":"https:\/\/www.carrefourfgafp.ca\/ServicesEducatifsComplementaires\/wp-json\/wp\/v2\/tags?post=8274"}],"curies":[{"name":"wp","href":"https:\/\/api.w.org\/{rel}","templated":true}]}}