{"id":8442,"date":"2024-08-28T18:22:56","date_gmt":"2024-08-28T18:22:56","guid":{"rendered":"https:\/\/www.carrefourfgafp.ca\/ServicesEducatifsComplementaires\/?p=8442"},"modified":"2026-04-16T20:23:22","modified_gmt":"2026-04-16T20:23:22","slug":"projet-epanouir-promotion-de-la-sante-mentale-positive-en-contexte-scolaire","status":"publish","type":"post","link":"https:\/\/www.carrefourfgafp.ca\/ServicesEducatifsComplementaires\/2024\/08\/28\/projet-epanouir-promotion-de-la-sante-mentale-positive-en-contexte-scolaire\/","title":{"rendered":"Projet \u00c9panouir : Promotion de la sant\u00e9 mentale positive en contexte scolaire\u00a0"},"content":{"rendered":"\n<div class=\"wp-block-stackable-hero alignfull stk-block-hero stk-block stk-67d0dc6 stk-block-background stk--has-background-overlay\" data-v=\"2\" data-block-id=\"67d0dc6\"><style>.stk-67d0dc6-inner-blocks{align-items:center !important;}.stk-67d0dc6 {background-color:linear-gradient(90deg, #006ba1 0%, #7bdcb5 100%) !important;background-image:url(http:\/\/www.kanha.ca\/SEC\/wp-content\/uploads\/2023\/10\/sec_sigle2020.svg) !important;box-shadow:none !important;min-height:0px !important;align-items:center !important;margin-bottom:0px !important;display:flex !important;}.stk-67d0dc6:before{opacity:0.9 !important;background-image:linear-gradient(90deg, #006ba1 0%, #7bdcb5 100%) !important;}.stk-67d0dc6 .stk-block-hero__content{min-height:250px !important;align-items:center !important;max-width:1200px !important;min-width:auto !important;display:flex !important;}@media screen and (max-width: 767px){.stk-67d0dc6 .stk-block-hero__content{min-height:120px !important;}}<\/style><div class=\"stk-block-hero__content stk-content-align stk-67d0dc6-column alignwide stk-container stk-67d0dc6-container stk--no-background stk--no-padding\"><div class=\"stk-block-content stk-inner-blocks has-text-align-center stk--column-flex stk-67d0dc6-inner-blocks\">\n<div class=\"wp-block-stackable-heading stk-block-heading stk-block-heading--v2 stk-block stk-2fa2283\" id=\"strong-services-educatifs-complementaires-en-formation-professionnelle-des-outils-pour-mieux-accompagner-les-eleves-strong\" data-block-id=\"2fa2283\"><style>.stk-2fa2283 .stk-block-heading__text{text-shadow:0px 0px 5px #00000066 !important;color:var(--ast-global-color-5) !important;}<\/style><h2 class=\"stk-block-heading__text has-text-color has-text-align-left\"><strong><strong>Projet \u00c9panouir : Promotion de la sant\u00e9 mentale positive en contexte scolaire&nbsp;<\/strong><\/strong><\/h2><\/div>\n\n\n\n<p><a href=\"https:\/\/www.carrefourfgafp.com\/SEC\/category\/soutien-a-lapprentissage\/\" target=\"_blank\" rel=\"noopener\"><\/a><\/p>\n<\/div><\/div><\/div>\n\n\n\n<div class=\"wp-block-uagb-container uagb-block-c6855bf6 alignfull uagb-is-root-container\"><div class=\"uagb-container-inner-blocks-wrap\">\n<div class=\"wp-block-uagb-container uagb-block-845c81d8\">\n<div class=\"wp-block-stackable-heading stk-block-heading stk-block-heading--v2 stk-block stk-eaa4a97\" id=\"presente-par\" data-block-id=\"eaa4a97\"><h5 class=\"stk-block-heading__text\">Pr\u00e9sent\u00e9 par :<\/h5><\/div>\n<\/div>\n\n\n\n<div class=\"wp-block-uagb-icon-list uagb-block-95576cf7\"><div class=\"uagb-icon-list__wrap\">\n<div class=\"wp-block-uagb-icon-list-child uagb-block-b3e4ea74\"><span class=\"uagb-icon-list__source-wrap\"><svg xmlns=\"https:\/\/www.w3.org\/2000\/svg\" viewBox=\"0 0 512 512\"><path d=\"M256 0C114.6 0 0 114.6 0 256c0 141.4 114.6 256 256 256s256-114.6 256-256C512 114.6 397.4 0 256 0zM406.6 278.6l-103.1 103.1c-12.5 12.5-32.75 12.5-45.25 0s-12.5-32.75 0-45.25L306.8 288H128C110.3 288 96 273.7 96 256s14.31-32 32-32h178.8l-49.38-49.38c-12.5-12.5-12.5-32.75 0-45.25s32.75-12.5 45.25 0l103.1 103.1C414.6 241.3 416 251.1 416 256C416 260.9 414.6 270.7 406.6 278.6z\"><\/path><\/svg><\/span><span class=\"uagb-icon-list__label\">M\u00e9lanie Poulin, responsable des S\u00c9C, Direction des services aux \u00e9l\u00e8ves, Direction g\u00e9n\u00e9rale de l\u2019\u00e9ducation des adultes et de la formation professionnelle<\/span><\/div>\n\n\n\n<div class=\"wp-block-uagb-icon-list-child uagb-block-79c17982\"><span class=\"uagb-icon-list__source-wrap\"><svg xmlns=\"https:\/\/www.w3.org\/2000\/svg\" viewBox=\"0 0 512 512\"><path d=\"M256 0C114.6 0 0 114.6 0 256c0 141.4 114.6 256 256 256s256-114.6 256-256C512 114.6 397.4 0 256 0zM406.6 278.6l-103.1 103.1c-12.5 12.5-32.75 12.5-45.25 0s-12.5-32.75 0-45.25L306.8 288H128C110.3 288 96 273.7 96 256s14.31-32 32-32h178.8l-49.38-49.38c-12.5-12.5-12.5-32.75 0-45.25s32.75-12.5 45.25 0l103.1 103.1C414.6 241.3 416 251.1 416 256C416 260.9 414.6 270.7 406.6 278.6z\"><\/path><\/svg><\/span><span class=\"uagb-icon-list__label\">Karine Dumais, conseill\u00e8re en promotion de la sant\u00e9 mentale en contexte scolaire, MSSS<\/span><\/div>\n\n\n\n<div class=\"wp-block-uagb-icon-list-child uagb-block-9ade197f\"><span class=\"uagb-icon-list__source-wrap\"><svg xmlns=\"https:\/\/www.w3.org\/2000\/svg\" viewBox=\"0 0 512 512\"><path d=\"M256 0C114.6 0 0 114.6 0 256c0 141.4 114.6 256 256 256s256-114.6 256-256C512 114.6 397.4 0 256 0zM406.6 278.6l-103.1 103.1c-12.5 12.5-32.75 12.5-45.25 0s-12.5-32.75 0-45.25L306.8 288H128C110.3 288 96 273.7 96 256s14.31-32 32-32h178.8l-49.38-49.38c-12.5-12.5-12.5-32.75 0-45.25s32.75-12.5 45.25 0l103.1 103.1C414.6 241.3 416 251.1 416 256C416 260.9 414.6 270.7 406.6 278.6z\"><\/path><\/svg><\/span><span class=\"uagb-icon-list__label\">L\u2019\u00e9quipe des DRSP de Montr\u00e9al et de la Mauricie-Centre-du-Qu\u00e9bec<\/span><\/div>\n\n\n\n<div class=\"wp-block-uagb-icon-list-child uagb-block-57207b86\"><span class=\"uagb-icon-list__source-wrap\"><svg xmlns=\"https:\/\/www.w3.org\/2000\/svg\" viewBox=\"0 0 512 512\"><path d=\"M256 0C114.6 0 0 114.6 0 256c0 141.4 114.6 256 256 256s256-114.6 256-256C512 114.6 397.4 0 256 0zM406.6 278.6l-103.1 103.1c-12.5 12.5-32.75 12.5-45.25 0s-12.5-32.75 0-45.25L306.8 288H128C110.3 288 96 273.7 96 256s14.31-32 32-32h178.8l-49.38-49.38c-12.5-12.5-12.5-32.75 0-45.25s32.75-12.5 45.25 0l103.1 103.1C414.6 241.3 416 251.1 416 256C416 260.9 414.6 270.7 406.6 278.6z\"><\/path><\/svg><\/span><span class=\"uagb-icon-list__label\">Martine Veillette, conseill\u00e8re en intervention pour l\u2019accompagnement national des SEC<\/span><\/div>\n<\/div><\/div>\n\n\n\n<div style=\"height:40px\" aria-hidden=\"true\" class=\"wp-block-spacer\"><\/div>\n\n\n\n<div class=\"wp-block-stackable-heading stk-block-heading stk-block-heading--v2 stk-block stk-5661b03\" id=\"description-de-latelier\" data-block-id=\"5661b03\"><style>.stk-5661b03 {margin-bottom:0px !important;}<\/style><h5 class=\"stk-block-heading__text\">Description de l\u2019atelier :<\/h5><\/div>\n\n\n\n<p>Le projet \u00c9panouir est un projet de sant\u00e9 mentale positive en contexte scolaire mis en place par le minist\u00e8re de la Sant\u00e9 et des Services sociaux (MSSS).<\/p>\n\n\n\n<p>Il concerne tous les \u00e9tablissements scolaires primaires et secondaires, publics et priv\u00e9s, ainsi que les centres de formation professionnelle et les centres d\u2019\u00e9ducation des adultes. Il vise la mise en \u0153uvre d\u2019actions de promotion de la sant\u00e9 et de pr\u00e9vention, aupr\u00e8s des \u00e9l\u00e8ves, mais \u00e9galement dans les diff\u00e9rents milieux de vie dans lesquels ils \u00e9voluent. Il consiste \u00e0 aider ces \u00e9l\u00e8ves \u00e0 d\u00e9velopper leurs comp\u00e9tences personnelles et sociales ainsi qu\u2019\u00e0 rendre leurs milieux de vie sains, s\u00e9curitaires et bienveillants, de fa\u00e7on \u00e0 favoriser leur sant\u00e9 mentale positive.&nbsp;<\/p>\n\n\n\n<div class=\"wp-block-uagb-container uagb-block-ccf26904 alignfull uagb-is-root-container\"><div class=\"uagb-container-inner-blocks-wrap\">\n<div class=\"wp-block-buttons is-content-justification-left is-layout-flex wp-container-core-buttons-is-layout-fc4fd283 wp-block-buttons-is-layout-flex\">\n<div class=\"wp-block-button\"><a class=\"wp-block-button__link wp-element-button\" href=\"https:\/\/www.youtube.com\/watch?v=iOmlKjaPzyU\" target=\"_blank\" rel=\"noreferrer noopener\">VOIR LA PR\u00c9SENTATION<\/a><\/div>\n<\/div>\n<\/div><\/div>\n<\/div><\/div>\n","protected":false},"excerpt":{"rendered":"<p>Projet \u00c9panouir : Promotion de la sant\u00e9 mentale positive en contexte scolaire&nbsp; Pr\u00e9sent\u00e9 par : Description de l\u2019atelier : Le [&hellip;]<\/p>\n","protected":false},"author":3,"featured_media":8972,"comment_status":"closed","ping_status":"closed","sticky":false,"template":"","format":"standard","meta":{"_acf_changed":false,"inline_featured_image":false,"_uag_custom_page_level_css":"body{\n\tbackground:#fff !important;\n}","_monsterinsights_skip_tracking":false,"_monsterinsights_sitenote_active":false,"_monsterinsights_sitenote_note":"","_monsterinsights_sitenote_category":0,"site-sidebar-layout":"default","site-content-layout":"","ast-site-content-layout":"full-width-container","site-content-style":"unboxed","site-sidebar-style":"default","ast-global-header-display":"","ast-banner-title-visibility":"","ast-main-header-display":"","ast-hfb-above-header-display":"","ast-hfb-below-header-display":"","ast-hfb-mobile-header-display":"","site-post-title":"disabled","ast-breadcrumbs-content":"","ast-featured-img":"","footer-sml-layout":"","theme-transparent-header-meta":"","adv-header-id-meta":"","stick-header-meta":"","header-above-stick-meta":"","header-main-stick-meta":"","header-below-stick-meta":"","astra-migrate-meta-layouts":"set","ast-page-background-enabled":"default","ast-page-background-meta":{"desktop":{"background-color":"var(--ast-global-color-4)","background-image":"","background-repeat":"repeat","background-position":"center center","background-size":"auto","background-attachment":"scroll","background-type":"","background-media":"","overlay-type":"","overlay-color":"","overlay-gradient":""},"tablet":{"background-color":"","background-image":"","background-repeat":"repeat","background-position":"center center","background-size":"auto","background-attachment":"scroll","background-type":"","background-media":"","overlay-type":"","overlay-color":"","overlay-gradient":""},"mobile":{"background-color":"","background-image":"","background-repeat":"repeat","background-position":"center center","background-size":"auto","background-attachment":"scroll","background-type":"","background-media":"","overlay-type":"","overlay-color":"","overlay-gradient":""}},"ast-content-background-meta":{"desktop":{"background-color":"var(--ast-global-color-5)","background-image":"","background-repeat":"repeat","background-position":"center center","background-size":"auto","background-attachment":"scroll","background-type":"","background-media":"","overlay-type":"","overlay-color":"","overlay-gradient":""},"tablet":{"background-color":"var(--ast-global-color-5)","background-image":"","background-repeat":"repeat","background-position":"center center","background-size":"auto","background-attachment":"scroll","background-type":"","background-media":"","overlay-type":"","overlay-color":"","overlay-gradient":""},"mobile":{"background-color":"var(--ast-global-color-5)","background-image":"","background-repeat":"repeat","background-position":"center center","background-size":"auto","background-attachment":"scroll","background-type":"","background-media":"","overlay-type":"","overlay-color":"","overlay-gradient":""}},"footnotes":""},"categories":[1],"tags":[],"class_list":["post-8442","post","type-post","status-publish","format-standard","has-post-thumbnail","hentry","category-uncategorized"],"acf":[],"uagb_featured_image_src":{"full":["https:\/\/www.carrefourfgafp.ca\/ServicesEducatifsComplementaires\/wp-content\/uploads\/2024\/08\/pexels-jupen-734168.jpg",1280,644,false],"thumbnail":["https:\/\/www.carrefourfgafp.ca\/ServicesEducatifsComplementaires\/wp-content\/uploads\/2024\/08\/pexels-jupen-734168-150x150.jpg",150,150,true],"medium":["https:\/\/www.carrefourfgafp.ca\/ServicesEducatifsComplementaires\/wp-content\/uploads\/2024\/08\/pexels-jupen-734168-300x151.jpg",300,151,true],"medium_large":["https:\/\/www.carrefourfgafp.ca\/ServicesEducatifsComplementaires\/wp-content\/uploads\/2024\/08\/pexels-jupen-734168-768x386.jpg",768,386,true],"large":["https:\/\/www.carrefourfgafp.ca\/ServicesEducatifsComplementaires\/wp-content\/uploads\/2024\/08\/pexels-jupen-734168-1024x515.jpg",1024,515,true],"1536x1536":["https:\/\/www.carrefourfgafp.ca\/ServicesEducatifsComplementaires\/wp-content\/uploads\/2024\/08\/pexels-jupen-734168.jpg",1280,644,false],"2048x2048":["https:\/\/www.carrefourfgafp.ca\/ServicesEducatifsComplementaires\/wp-content\/uploads\/2024\/08\/pexels-jupen-734168.jpg",1280,644,false]},"uagb_author_info":{"display_name":"cedric","author_link":"https:\/\/www.carrefourfgafp.ca\/ServicesEducatifsComplementaires\/author\/cedric\/"},"uagb_comment_info":1,"uagb_excerpt":"Projet \u00c9panouir : Promotion de la sant\u00e9 mentale positive en contexte scolaire&nbsp; Pr\u00e9sent\u00e9 par : Description de l\u2019atelier : Le [&hellip;]","_links":{"self":[{"href":"https:\/\/www.carrefourfgafp.ca\/ServicesEducatifsComplementaires\/wp-json\/wp\/v2\/posts\/8442","targetHints":{"allow":["GET"]}}],"collection":[{"href":"https:\/\/www.carrefourfgafp.ca\/ServicesEducatifsComplementaires\/wp-json\/wp\/v2\/posts"}],"about":[{"href":"https:\/\/www.carrefourfgafp.ca\/ServicesEducatifsComplementaires\/wp-json\/wp\/v2\/types\/post"}],"author":[{"embeddable":true,"href":"https:\/\/www.carrefourfgafp.ca\/ServicesEducatifsComplementaires\/wp-json\/wp\/v2\/users\/3"}],"replies":[{"embeddable":true,"href":"https:\/\/www.carrefourfgafp.ca\/ServicesEducatifsComplementaires\/wp-json\/wp\/v2\/comments?post=8442"}],"version-history":[{"count":10,"href":"https:\/\/www.carrefourfgafp.ca\/ServicesEducatifsComplementaires\/wp-json\/wp\/v2\/posts\/8442\/revisions"}],"predecessor-version":[{"id":8999,"href":"https:\/\/www.carrefourfgafp.ca\/ServicesEducatifsComplementaires\/wp-json\/wp\/v2\/posts\/8442\/revisions\/8999"}],"wp:featuredmedia":[{"embeddable":true,"href":"https:\/\/www.carrefourfgafp.ca\/ServicesEducatifsComplementaires\/wp-json\/wp\/v2\/media\/8972"}],"wp:attachment":[{"href":"https:\/\/www.carrefourfgafp.ca\/ServicesEducatifsComplementaires\/wp-json\/wp\/v2\/media?parent=8442"}],"wp:term":[{"taxonomy":"category","embeddable":true,"href":"https:\/\/www.carrefourfgafp.ca\/ServicesEducatifsComplementaires\/wp-json\/wp\/v2\/categories?post=8442"},{"taxonomy":"post_tag","embeddable":true,"href":"https:\/\/www.carrefourfgafp.ca\/ServicesEducatifsComplementaires\/wp-json\/wp\/v2\/tags?post=8442"}],"curies":[{"name":"wp","href":"https:\/\/api.w.org\/{rel}","templated":true}]}}