{"id":9384,"date":"2025-03-11T13:17:10","date_gmt":"2025-03-11T13:17:10","guid":{"rendered":"https:\/\/www.carrefourfgafp.ca\/ServicesEducatifsComplementaires\/?p=9384"},"modified":"2026-04-16T20:23:09","modified_gmt":"2026-04-16T20:23:09","slug":"construire-lavenir-leducation-des-adultes-au-service-du-bien-public-et-du-bien-commun","status":"publish","type":"post","link":"https:\/\/www.carrefourfgafp.ca\/ServicesEducatifsComplementaires\/2025\/03\/11\/construire-lavenir-leducation-des-adultes-au-service-du-bien-public-et-du-bien-commun\/","title":{"rendered":"Construire l\u2019avenir: l\u2019\u00e9ducation des adultes au service du bien public et du bien commun"},"content":{"rendered":"\n<div class=\"wp-block-stackable-hero alignfull stk-block-hero stk-block stk-67d0dc6 stk-block-background stk--has-background-overlay\" data-v=\"2\" data-block-id=\"67d0dc6\"><style>.stk-67d0dc6-inner-blocks{align-items:center !important;}.stk-67d0dc6 {background-color:linear-gradient(90deg, #006ba1 0%, #7bdcb5 100%) !important;background-image:url(http:\/\/www.kanha.ca\/SEC\/wp-content\/uploads\/2023\/10\/sec_sigle2020.svg) !important;box-shadow:none !important;min-height:0px !important;align-items:center !important;margin-bottom:28px !important;display:flex !important;}.stk-67d0dc6:before{opacity:0.9 !important;background-image:linear-gradient(90deg, #006ba1 0%, #7bdcb5 100%) !important;}.stk-67d0dc6 .stk-block-hero__content{min-height:250px !important;align-items:center !important;max-width:1200px !important;min-width:auto !important;display:flex !important;}@media screen and (max-width: 767px){.stk-67d0dc6 .stk-block-hero__content{min-height:120px !important;}}<\/style><div class=\"stk-block-hero__content stk-content-align stk-67d0dc6-column alignwide stk-container stk-67d0dc6-container stk--no-background stk--no-padding\"><div class=\"stk-block-content stk-inner-blocks has-text-align-center stk--column-flex stk-67d0dc6-inner-blocks\">\n<div class=\"wp-block-stackable-heading stk-block-heading stk-block-heading--v2 stk-block stk-2fa2283\" id=\"strong-services-educatifs-complementaires-en-formation-professionnelle-des-outils-pour-mieux-accompagner-les-eleves-strong\" data-block-id=\"2fa2283\"><style>.stk-2fa2283 .stk-block-heading__text{text-shadow:0px 0px 5px #00000066 !important;color:#ffffff !important;}<\/style><h1 class=\"stk-block-heading__text has-text-color has-text-align-left\">Construire l\u2019avenir: l\u2019\u00e9ducation des adultes au service du bien public et du bien commun<\/h1><\/div>\n<\/div><\/div><\/div>\n\n\n\n<div class=\"wp-block-uagb-container uagb-block-e46d0e22 alignfull uagb-is-root-container\"><div class=\"uagb-container-inner-blocks-wrap\">\n<h2 class=\"wp-block-heading has-medium-font-size\">\u00c9crit par :<\/h2>\n\n\n\n<div class=\"wp-block-uagb-icon-list uagb-block-c7f2f3bf\"><div class=\"uagb-icon-list__wrap\">\n<div class=\"wp-block-uagb-icon-list-child uagb-block-af90644a\"><span class=\"uagb-icon-list__source-wrap\"><svg xmlns=\"https:\/\/www.w3.org\/2000\/svg\" viewBox=\"0 0 512 512\"><path d=\"M256 0C114.6 0 0 114.6 0 256c0 141.4 114.6 256 256 256s256-114.6 256-256C512 114.6 397.4 0 256 0zM406.6 278.6l-103.1 103.1c-12.5 12.5-32.75 12.5-45.25 0s-12.5-32.75 0-45.25L306.8 288H128C110.3 288 96 273.7 96 256s14.31-32 32-32h178.8l-49.38-49.38c-12.5-12.5-12.5-32.75 0-45.25s32.75-12.5 45.25 0l103.1 103.1C414.6 241.3 416 251.1 416 256C416 260.9 414.6 270.7 406.6 278.6z\"><\/path><\/svg><\/span><span class=\"uagb-icon-list__label\"><strong><em>Martine Veillette<\/em>, conseill\u00e8re en intervention pour l\u2019accompagnement national S\u00c9C FP-FGA<\/strong><br><\/span><\/div>\n<\/div><\/div>\n\n\n\n<p>Le 7 et 8 juin derniers avait lieu le&nbsp;<a href=\"https:\/\/icea.qc.ca\/fr\/forum-2023-sur-le-bien-public-et-le-bien-commun-en-%C3%A9ducation-des-adultes\" target=\"_blank\" rel=\"noopener\">FORUM de l\u2019IC\u00c9A<\/a>&nbsp;sous le th\u00e8me du bien public et du bien commun en \u00e9ducation. Vous pouvez voir ci-contre une illustration issue de la d\u00e9marche collaborative aupr\u00e8s de divers partenaires du r\u00e9seau de l\u2019\u00e9ducation des adultes.<\/p>\n\n\n\n<figure class=\"wp-block-image\"><img decoding=\"async\" src=\"https:\/\/www.carrefourfgafp.com\/SEC\/wp-content\/uploads\/2023\/06\/ICEA_d%C3%A9marche-collaborative.png\" alt=\"\"\/><\/figure>\n\n\n\n<p>L\u2019ouverture du Forum s\u2019est fait avec nulle autre que Madame Mich\u00e8le Stanton-Jean (Commission Jean) qui nous offrait son point de vue sur le bien commun et le bien public en \u00e9ducation en nous rappelant la citation de Camille Laurin, ministre d\u2019\u00c9tat au D\u00e9veloppement culturel en 1977 :<\/p>\n\n\n\n<blockquote class=\"wp-block-quote is-layout-flow wp-block-quote-is-layout-flow\">\n<h3 class=\"wp-block-heading has-medium-font-size\">\u00ab L\u2019\u00e9ducation des adultes a beaucoup contribu\u00e9 \u00e0 relativiser le temps et le lieu de l&rsquo;\u00e9ducation. On n&rsquo;accepte plus maintenant qu&rsquo;il y a un temps pour s&rsquo;instruire, qui est la jeunesse, et un temps pour travailler et produire, qui est le reste de la vie. En m\u00eame temps, l&rsquo;\u00e9ducation des adultes a relativis\u00e9 le lieu de l&rsquo;\u00e9ducation., car elle a \u00e9t\u00e9 entendue bien en dehors de l&rsquo;universit\u00e9 et de la salle de cours, l&rsquo;endroit o\u00f9 l&rsquo;on peut apprendre, qu&rsquo;il s&rsquo;agisse de la nature, qu&rsquo;il s&rsquo;agisse des usines, qu&rsquo;il s&rsquo;agisse d&rsquo;un local de syndicat ou d&rsquo;un comit\u00e9 de citoyens. \u00bb<\/h3>\n<\/blockquote>\n\n\n\n<p>Elle nous rappelle qu\u2019en contexte de plus en plus individualiste, il faut s\u2019interroger sur le vivre-ensemble, sur les valeurs qui sous-tendent nos mesures et nos lois en \u00e9ducation; qu\u2019il faut consulter la population pour consolider l\u2019agir collectif, qu\u2019il faut partir de la personne pour s\u2019adapter avec un apprentissage flexible, des enjeux \u00e9conomiques (p\u00e9nurie de main-d\u2019\u0153uvre) et une accessibilit\u00e9 sociale.<\/p>\n\n\n\n<h5 class=\"wp-block-heading\"><em>Penser l\u2019\u00e9ducation des adultes<\/em><\/h5>\n\n\n\n<h5 class=\"wp-block-heading\"><em>de mani\u00e8re collective et inclusive<\/em><\/h5>\n\n\n\n<h5 class=\"wp-block-heading\"><em>dans toute sa diversit\u00e9<\/em><\/h5>\n\n\n\n<p>C\u2019est dans cet esprit que nous sommes venues pr\u00e9senter le Projet WOW! Et c\u2019est avec grande fiert\u00e9 que nous pouvons affirmer que ce projet consolide brillamment le bien public et le bien commun en \u00e9ducation !<\/p>\n\n\n\n<p><a href=\"https:\/\/sites.google.com\/cssmi.qc.ca\/projetwow\/accueil\" target=\"_blank\" rel=\"noreferrer noopener\"><\/a><\/p>\n\n\n\n<figure class=\"wp-block-image\"><a href=\"https:\/\/sites.google.com\/cssmi.qc.ca\/projetwow\/accueil\" target=\"_blank\" rel=\"noreferrer noopener\"><img decoding=\"async\" src=\"https:\/\/www.carrefourfgafp.com\/SEC\/wp-content\/uploads\/2023\/06\/wow.png\" alt=\"\" title=\"wow\"\/><\/a><\/figure>\n\n\n\n<h2 class=\"wp-block-heading has-medium-font-size\">En terminant<\/h2>\n\n\n\n<p>En terminant, les travaux effectu\u00e9s durant ce Forum se sont sold\u00e9s par deux magnifiques infographies dont une qui met en lumi\u00e8re les principes cl\u00e9s pour renforcer le bien commun et construire l\u2019avenir \u00e0 l\u2019\u00e9ducation.<\/p>\n\n\n\n<figure class=\"wp-block-image\"><img decoding=\"async\" src=\"https:\/\/www.carrefourfgafp.com\/SEC\/wp-content\/uploads\/2023\/06\/ICEA_principes.png\" alt=\"\" title=\"ICEA_principes\"\/><\/figure>\n<\/div><\/div>\n","protected":false},"excerpt":{"rendered":"<p>Construire l\u2019avenir: l\u2019\u00e9ducation des adultes au service du bien public et du bien commun \u00c9crit par : Le 7 et [&hellip;]<\/p>\n","protected":false},"author":3,"featured_media":0,"comment_status":"closed","ping_status":"closed","sticky":false,"template":"","format":"standard","meta":{"_acf_changed":false,"inline_featured_image":false,"_uag_custom_page_level_css":"","_monsterinsights_skip_tracking":false,"_monsterinsights_sitenote_active":false,"_monsterinsights_sitenote_note":"","_monsterinsights_sitenote_category":0,"site-sidebar-layout":"default","site-content-layout":"","ast-site-content-layout":"full-width-container","site-content-style":"default","site-sidebar-style":"default","ast-global-header-display":"","ast-banner-title-visibility":"","ast-main-header-display":"","ast-hfb-above-header-display":"","ast-hfb-below-header-display":"","ast-hfb-mobile-header-display":"","site-post-title":"disabled","ast-breadcrumbs-content":"","ast-featured-img":"","footer-sml-layout":"","theme-transparent-header-meta":"","adv-header-id-meta":"","stick-header-meta":"","header-above-stick-meta":"","header-main-stick-meta":"","header-below-stick-meta":"","astra-migrate-meta-layouts":"default","ast-page-background-enabled":"default","ast-page-background-meta":{"desktop":{"background-color":"var(--ast-global-color-4)","background-image":"","background-repeat":"repeat","background-position":"center center","background-size":"auto","background-attachment":"scroll","background-type":"","background-media":"","overlay-type":"","overlay-color":"","overlay-opacity":"","overlay-gradient":""},"tablet":{"background-color":"","background-image":"","background-repeat":"repeat","background-position":"center center","background-size":"auto","background-attachment":"scroll","background-type":"","background-media":"","overlay-type":"","overlay-color":"","overlay-opacity":"","overlay-gradient":""},"mobile":{"background-color":"","background-image":"","background-repeat":"repeat","background-position":"center center","background-size":"auto","background-attachment":"scroll","background-type":"","background-media":"","overlay-type":"","overlay-color":"","overlay-opacity":"","overlay-gradient":""}},"ast-content-background-meta":{"desktop":{"background-color":"var(--ast-global-color-5)","background-image":"","background-repeat":"repeat","background-position":"center center","background-size":"auto","background-attachment":"scroll","background-type":"","background-media":"","overlay-type":"","overlay-color":"","overlay-opacity":"","overlay-gradient":""},"tablet":{"background-color":"var(--ast-global-color-5)","background-image":"","background-repeat":"repeat","background-position":"center center","background-size":"auto","background-attachment":"scroll","background-type":"","background-media":"","overlay-type":"","overlay-color":"","overlay-opacity":"","overlay-gradient":""},"mobile":{"background-color":"var(--ast-global-color-5)","background-image":"","background-repeat":"repeat","background-position":"center center","background-size":"auto","background-attachment":"scroll","background-type":"","background-media":"","overlay-type":"","overlay-color":"","overlay-opacity":"","overlay-gradient":""}},"footnotes":""},"categories":[34],"tags":[],"class_list":["post-9384","post","type-post","status-publish","format-standard","hentry","category-soutien-apprentissage"],"acf":[],"uagb_featured_image_src":{"full":false,"thumbnail":false,"medium":false,"medium_large":false,"large":false,"1536x1536":false,"2048x2048":false},"uagb_author_info":{"display_name":"cedric","author_link":"https:\/\/www.carrefourfgafp.ca\/ServicesEducatifsComplementaires\/author\/cedric\/"},"uagb_comment_info":0,"uagb_excerpt":"Construire l\u2019avenir: l\u2019\u00e9ducation des adultes au service du bien public et du bien commun \u00c9crit par : Le 7 et [&hellip;]","_links":{"self":[{"href":"https:\/\/www.carrefourfgafp.ca\/ServicesEducatifsComplementaires\/wp-json\/wp\/v2\/posts\/9384","targetHints":{"allow":["GET"]}}],"collection":[{"href":"https:\/\/www.carrefourfgafp.ca\/ServicesEducatifsComplementaires\/wp-json\/wp\/v2\/posts"}],"about":[{"href":"https:\/\/www.carrefourfgafp.ca\/ServicesEducatifsComplementaires\/wp-json\/wp\/v2\/types\/post"}],"author":[{"embeddable":true,"href":"https:\/\/www.carrefourfgafp.ca\/ServicesEducatifsComplementaires\/wp-json\/wp\/v2\/users\/3"}],"replies":[{"embeddable":true,"href":"https:\/\/www.carrefourfgafp.ca\/ServicesEducatifsComplementaires\/wp-json\/wp\/v2\/comments?post=9384"}],"version-history":[{"count":2,"href":"https:\/\/www.carrefourfgafp.ca\/ServicesEducatifsComplementaires\/wp-json\/wp\/v2\/posts\/9384\/revisions"}],"predecessor-version":[{"id":9387,"href":"https:\/\/www.carrefourfgafp.ca\/ServicesEducatifsComplementaires\/wp-json\/wp\/v2\/posts\/9384\/revisions\/9387"}],"wp:attachment":[{"href":"https:\/\/www.carrefourfgafp.ca\/ServicesEducatifsComplementaires\/wp-json\/wp\/v2\/media?parent=9384"}],"wp:term":[{"taxonomy":"category","embeddable":true,"href":"https:\/\/www.carrefourfgafp.ca\/ServicesEducatifsComplementaires\/wp-json\/wp\/v2\/categories?post=9384"},{"taxonomy":"post_tag","embeddable":true,"href":"https:\/\/www.carrefourfgafp.ca\/ServicesEducatifsComplementaires\/wp-json\/wp\/v2\/tags?post=9384"}],"curies":[{"name":"wp","href":"https:\/\/api.w.org\/{rel}","templated":true}]}}