{"id":9891,"date":"2025-12-18T14:58:49","date_gmt":"2025-12-18T14:58:49","guid":{"rendered":"https:\/\/www.carrefourfgafp.ca\/ServicesEducatifsComplementaires\/?p=9891"},"modified":"2026-04-16T20:23:05","modified_gmt":"2026-04-16T20:23:05","slug":"soutenir-les-transitions-scolaires-des-eleves-a-la-fga-et-a-la-fp","status":"publish","type":"post","link":"https:\/\/www.carrefourfgafp.ca\/ServicesEducatifsComplementaires\/2025\/12\/18\/soutenir-les-transitions-scolaires-des-eleves-a-la-fga-et-a-la-fp\/","title":{"rendered":"Soutenir les transitions scolaires des \u00e9l\u00e8ves \u00e0 la FGA et \u00e0 la FP\u00a0"},"content":{"rendered":"\n<div class=\"wp-block-stackable-hero alignfull stk-block-hero stk-block stk-67d0dc6 stk-block-background stk--has-background-overlay\" data-v=\"2\" data-block-id=\"67d0dc6\"><style>.stk-67d0dc6-inner-blocks{align-items:center !important;}.stk-67d0dc6 {background-color:linear-gradient(90deg, #006ba1 0%, #7bdcb5 100%) !important;background-image:url(https:\/\/www.carrefourfgafp.ca\/ServicesEducatifsComplementaires\/wp-content\/uploads\/2026\/02\/AdobeStock_1905709107.jpeg) !important;box-shadow:none !important;min-height:0px !important;align-items:center !important;margin-bottom:30px !important;display:flex !important;}.stk-67d0dc6:before{opacity:0.9 !important;background-image:linear-gradient(90deg, #006ba1 0%, #7bdcb5 100%) !important;}.stk-67d0dc6 .stk-block-hero__content{min-height:250px !important;align-items:center !important;max-width:700px !important;min-width:auto !important;display:flex !important;}@media screen and (max-width: 767px){.stk-67d0dc6 .stk-block-hero__content{min-height:120px !important;}}<\/style><div class=\"stk-block-hero__content stk-content-align stk-67d0dc6-column alignwide stk-container stk-67d0dc6-container stk--no-background stk--no-padding\"><div class=\"stk-block-content stk-inner-blocks has-text-align-center stk--column-flex stk-67d0dc6-inner-blocks\">\n<div class=\"wp-block-stackable-heading stk-block-heading stk-block-heading--v2 stk-block stk-2fa2283\" id=\"strong-services-educatifs-complementaires-en-formation-professionnelle-des-outils-pour-mieux-accompagner-les-eleves-strong\" data-block-id=\"2fa2283\"><style>.stk-2fa2283 .stk-block-heading__text{text-shadow:0px 0px 5px #00000066 !important;color:#ffffff !important;}<\/style><h2 class=\"stk-block-heading__text has-text-color has-text-align-left\"><strong>Soutenir les transitions scolaires des \u00e9l\u00e8ves \u00e0 la FGA et \u00e0 la FP&nbsp;<\/strong><\/h2><\/div>\n\n\n\n<p><a href=\"https:\/\/www.carrefourfgafp.com\/SEC\/category\/soutien-a-lapprentissage\/\" target=\"_blank\" rel=\"noopener\"><\/a><\/p>\n<\/div><\/div><\/div>\n\n\n\n<div class=\"wp-block-uagb-container uagb-block-c6855bf6 alignfull uagb-is-root-container\"><div class=\"uagb-container-inner-blocks-wrap\">\n<div class=\"wp-block-uagb-container uagb-block-845c81d8\">\n<div class=\"wp-block-stackable-heading stk-block-heading stk-block-heading--v2 stk-block stk-eaa4a97\" id=\"presente-par\" data-block-id=\"eaa4a97\"><style>.stk-eaa4a97 {margin-bottom:0px !important;}<\/style><h4 class=\"stk-block-heading__text\">Pr\u00e9sent\u00e9 par :<\/h4><\/div>\n<\/div>\n\n\n\n<div class=\"wp-block-uagb-icon-list uagb-block-95576cf7\"><div class=\"uagb-icon-list__wrap\">\n<div class=\"wp-block-uagb-icon-list-child uagb-block-b3e4ea74\"><span class=\"uagb-icon-list__source-wrap\"><svg xmlns=\"https:\/\/www.w3.org\/2000\/svg\" viewBox=\"0 0 512 512\"><path d=\"M256 0C114.6 0 0 114.6 0 256c0 141.4 114.6 256 256 256s256-114.6 256-256C512 114.6 397.4 0 256 0zM406.6 278.6l-103.1 103.1c-12.5 12.5-32.75 12.5-45.25 0s-12.5-32.75 0-45.25L306.8 288H128C110.3 288 96 273.7 96 256s14.31-32 32-32h178.8l-49.38-49.38c-12.5-12.5-12.5-32.75 0-45.25s32.75-12.5 45.25 0l103.1 103.1C414.6 241.3 416 251.1 416 256C416 260.9 414.6 270.7 406.6 278.6z\"><\/path><\/svg><\/span><span class=\"uagb-icon-list__label\"><strong>\u00c9lo\u00efse Gamache<\/strong>, Direction du d\u00e9ploiement de la formation professionnelle, <br>Direction g\u00e9n\u00e9rale de la formation professionnelle, <br>Minist\u00e8re de l\u2019\u00c9ducation\u00a0\u00a0<\/span><\/div>\n\n\n\n<div class=\"wp-block-uagb-icon-list-child uagb-block-0a30925d\"><span class=\"uagb-icon-list__source-wrap\"><svg xmlns=\"https:\/\/www.w3.org\/2000\/svg\" viewBox=\"0 0 512 512\"><path d=\"M256 0C114.6 0 0 114.6 0 256c0 141.4 114.6 256 256 256s256-114.6 256-256C512 114.6 397.4 0 256 0zM406.6 278.6l-103.1 103.1c-12.5 12.5-32.75 12.5-45.25 0s-12.5-32.75 0-45.25L306.8 288H128C110.3 288 96 273.7 96 256s14.31-32 32-32h178.8l-49.38-49.38c-12.5-12.5-12.5-32.75 0-45.25s32.75-12.5 45.25 0l103.1 103.1C414.6 241.3 416 251.1 416 256C416 260.9 414.6 270.7 406.6 278.6z\"><\/path><\/svg><\/span><span class=\"uagb-icon-list__label\"><strong>Marc Brisson<\/strong>, Responsable des services nationaux d&rsquo;accompagnement pour les SARCA &#8211; Secteur francophone <\/span><\/div>\n\n\n\n<div class=\"wp-block-uagb-icon-list-child uagb-block-06260281\"><span class=\"uagb-icon-list__source-wrap\"><svg xmlns=\"https:\/\/www.w3.org\/2000\/svg\" viewBox=\"0 0 512 512\"><path d=\"M256 0C114.6 0 0 114.6 0 256c0 141.4 114.6 256 256 256s256-114.6 256-256C512 114.6 397.4 0 256 0zM406.6 278.6l-103.1 103.1c-12.5 12.5-32.75 12.5-45.25 0s-12.5-32.75 0-45.25L306.8 288H128C110.3 288 96 273.7 96 256s14.31-32 32-32h178.8l-49.38-49.38c-12.5-12.5-12.5-32.75 0-45.25s32.75-12.5 45.25 0l103.1 103.1C414.6 241.3 416 251.1 416 256C416 260.9 414.6 270.7 406.6 278.6z\"><\/path><\/svg><\/span><span class=\"uagb-icon-list__label\"><strong>Martine Veillette<\/strong>, Conseill\u00e8re en intervention pour l&rsquo;accompagnement national des services \u00e9ducatifs compl\u00e9mentaires en FP-FGA\u00a0 <\/span><\/div>\n\n\n\n<div class=\"wp-block-uagb-icon-list-child uagb-block-f6e4b36f\"><span class=\"uagb-icon-list__source-wrap\"><svg xmlns=\"https:\/\/www.w3.org\/2000\/svg\" viewBox=\"0 0 512 512\"><path d=\"M256 0C114.6 0 0 114.6 0 256c0 141.4 114.6 256 256 256s256-114.6 256-256C512 114.6 397.4 0 256 0zM406.6 278.6l-103.1 103.1c-12.5 12.5-32.75 12.5-45.25 0s-12.5-32.75 0-45.25L306.8 288H128C110.3 288 96 273.7 96 256s14.31-32 32-32h178.8l-49.38-49.38c-12.5-12.5-12.5-32.75 0-45.25s32.75-12.5 45.25 0l103.1 103.1C414.6 241.3 416 251.1 416 256C416 260.9 414.6 270.7 406.6 278.6z\"><\/path><\/svg><\/span><span class=\"uagb-icon-list__label\"><strong>Miriam Furfaro<\/strong>, Conseill\u00e8re en formation scolaire<br>Responsable des services nationaux d&rsquo;accompagnement pour les SARCA -English Sector<\/span><\/div>\n\n\n\n<div class=\"wp-block-uagb-icon-list-child uagb-block-6488519f\"><span class=\"uagb-icon-list__source-wrap\"><svg xmlns=\"https:\/\/www.w3.org\/2000\/svg\" viewBox=\"0 0 512 512\"><path d=\"M256 0C114.6 0 0 114.6 0 256c0 141.4 114.6 256 256 256s256-114.6 256-256C512 114.6 397.4 0 256 0zM406.6 278.6l-103.1 103.1c-12.5 12.5-32.75 12.5-45.25 0s-12.5-32.75 0-45.25L306.8 288H128C110.3 288 96 273.7 96 256s14.31-32 32-32h178.8l-49.38-49.38c-12.5-12.5-12.5-32.75 0-45.25s32.75-12.5 45.25 0l103.1 103.1C414.6 241.3 416 251.1 416 256C416 260.9 414.6 270.7 406.6 278.6z\"><\/path><\/svg><\/span><span class=\"uagb-icon-list__label\"><strong>Karine Jacques<\/strong>, Orthop\u00e9dagogue pour l&rsquo;accompagnement national des services \u00e9ducatifs compl\u00e9mentaires FP-FGA\u00a0\u00a0<\/span><\/div>\n<\/div><\/div>\n\n\n\n<div class=\"wp-block-stackable-heading stk-block-heading stk-block-heading--v2 stk-block stk-5661b03\" id=\"description-de-latelier\" data-block-id=\"5661b03\"><style>.stk-5661b03 {margin-bottom:0px !important;}<\/style><h5 class=\"stk-block-heading__text\">Description de l\u2019atelier :<\/h5><\/div>\n\n\n\n<p>D\u00e9couvrez les fiches th\u00e9matiques sur les transitions scolaires vers la formation g\u00e9n\u00e9rale des adultes et la formation professionnelle, con\u00e7ues par le minist\u00e8re de l\u2019\u00c9ducation. Ces fiches pr\u00e9sentent entre autres les parcours de formation possibles, les services et les ressources disponibles ainsi que des pistes d\u2019action concr\u00e8tes pour favoriser une transition r\u00e9ussie.<\/p>\n\n\n\n<div class=\"wp-block-uagb-buttons uagb-buttons__outer-wrap uagb-btn__default-btn uagb-btn-tablet__default-btn uagb-btn-mobile__default-btn uagb-block-12fa1d00\"><div class=\"uagb-buttons__wrap uagb-buttons-layout-wrap \">\n<div class=\"wp-block-uagb-buttons-child uagb-buttons__outer-wrap uagb-block-b2af8524 wp-block-button\"><div class=\"uagb-button__wrapper\"><a class=\"uagb-buttons-repeater wp-block-button__link\" aria-label=\"\" href=\"https:\/\/www.youtube.com\/watch?v=yKYR7goPE84\" rel=\"follow noopener\" target=\"_blank\" role=\"button\"><div class=\"uagb-button__link\">ENREGISTREMENT DU WEBINAIRE<\/div><\/a><\/div><\/div>\n\n\n\n<div class=\"wp-block-uagb-buttons-child uagb-buttons__outer-wrap uagb-block-a2e4b3d4 wp-block-button\"><div class=\"uagb-button__wrapper\"><a class=\"uagb-buttons-repeater wp-block-button__link\" aria-label=\"\" href=\"https:\/\/www.carrefourfgafp.ca\/ServicesEducatifsComplementaires\/wp-content\/uploads\/2025\/12\/PPT_Transitions-scolaires_FGA-FP_21octobre2025_VD_FCSSQ.pdf\" rel=\"follow noopener\" target=\"_blank\" role=\"button\"><div class=\"uagb-button__link\">LIEN DE LA PR\u00c9SENTATION<\/div><\/a><\/div><\/div>\n<\/div><\/div>\n<\/div><\/div>\n","protected":false},"excerpt":{"rendered":"<p>Soutenir les transitions scolaires des \u00e9l\u00e8ves \u00e0 la FGA et \u00e0 la FP&nbsp; Pr\u00e9sent\u00e9 par : Description de l\u2019atelier : [&hellip;]<\/p>\n","protected":false},"author":3,"featured_media":10049,"comment_status":"closed","ping_status":"closed","sticky":false,"template":"","format":"standard","meta":{"_acf_changed":false,"inline_featured_image":false,"_uag_custom_page_level_css":"body{\n\tbackground:#fff !important;\n}","_monsterinsights_skip_tracking":false,"_monsterinsights_sitenote_active":false,"_monsterinsights_sitenote_note":"","_monsterinsights_sitenote_category":0,"site-sidebar-layout":"default","site-content-layout":"","ast-site-content-layout":"full-width-container","site-content-style":"default","site-sidebar-style":"default","ast-global-header-display":"","ast-banner-title-visibility":"","ast-main-header-display":"","ast-hfb-above-header-display":"","ast-hfb-below-header-display":"","ast-hfb-mobile-header-display":"","site-post-title":"disabled","ast-breadcrumbs-content":"","ast-featured-img":"","footer-sml-layout":"","theme-transparent-header-meta":"","adv-header-id-meta":"","stick-header-meta":"","header-above-stick-meta":"","header-main-stick-meta":"","header-below-stick-meta":"","astra-migrate-meta-layouts":"set","ast-page-background-enabled":"default","ast-page-background-meta":{"desktop":{"background-color":"var(--ast-global-color-4)","background-image":"","background-repeat":"repeat","background-position":"center center","background-size":"auto","background-attachment":"scroll","background-type":"","background-media":"","overlay-type":"","overlay-color":"","overlay-gradient":""},"tablet":{"background-color":"","background-image":"","background-repeat":"repeat","background-position":"center center","background-size":"auto","background-attachment":"scroll","background-type":"","background-media":"","overlay-type":"","overlay-color":"","overlay-gradient":""},"mobile":{"background-color":"","background-image":"","background-repeat":"repeat","background-position":"center center","background-size":"auto","background-attachment":"scroll","background-type":"","background-media":"","overlay-type":"","overlay-color":"","overlay-gradient":""}},"ast-content-background-meta":{"desktop":{"background-color":"var(--ast-global-color-5)","background-image":"","background-repeat":"repeat","background-position":"center center","background-size":"auto","background-attachment":"scroll","background-type":"","background-media":"","overlay-type":"","overlay-color":"","overlay-gradient":""},"tablet":{"background-color":"var(--ast-global-color-5)","background-image":"","background-repeat":"repeat","background-position":"center center","background-size":"auto","background-attachment":"scroll","background-type":"","background-media":"","overlay-type":"","overlay-color":"","overlay-gradient":""},"mobile":{"background-color":"var(--ast-global-color-5)","background-image":"","background-repeat":"repeat","background-position":"center center","background-size":"auto","background-attachment":"scroll","background-type":"","background-media":"","overlay-type":"","overlay-color":"","overlay-gradient":""}},"footnotes":""},"categories":[1],"tags":[],"class_list":["post-9891","post","type-post","status-publish","format-standard","has-post-thumbnail","hentry","category-uncategorized"],"acf":[],"uagb_featured_image_src":{"full":["https:\/\/www.carrefourfgafp.ca\/ServicesEducatifsComplementaires\/wp-content\/uploads\/2026\/02\/AdobeStock_1905709107.jpeg",1000,563,false],"thumbnail":["https:\/\/www.carrefourfgafp.ca\/ServicesEducatifsComplementaires\/wp-content\/uploads\/2026\/02\/AdobeStock_1905709107-150x150.jpeg",150,150,true],"medium":["https:\/\/www.carrefourfgafp.ca\/ServicesEducatifsComplementaires\/wp-content\/uploads\/2026\/02\/AdobeStock_1905709107-300x169.jpeg",300,169,true],"medium_large":["https:\/\/www.carrefourfgafp.ca\/ServicesEducatifsComplementaires\/wp-content\/uploads\/2026\/02\/AdobeStock_1905709107-768x432.jpeg",768,432,true],"large":["https:\/\/www.carrefourfgafp.ca\/ServicesEducatifsComplementaires\/wp-content\/uploads\/2026\/02\/AdobeStock_1905709107.jpeg",1000,563,false],"1536x1536":["https:\/\/www.carrefourfgafp.ca\/ServicesEducatifsComplementaires\/wp-content\/uploads\/2026\/02\/AdobeStock_1905709107.jpeg",1000,563,false],"2048x2048":["https:\/\/www.carrefourfgafp.ca\/ServicesEducatifsComplementaires\/wp-content\/uploads\/2026\/02\/AdobeStock_1905709107.jpeg",1000,563,false]},"uagb_author_info":{"display_name":"cedric","author_link":"https:\/\/www.carrefourfgafp.ca\/ServicesEducatifsComplementaires\/author\/cedric\/"},"uagb_comment_info":0,"uagb_excerpt":"Soutenir les transitions scolaires des \u00e9l\u00e8ves \u00e0 la FGA et \u00e0 la FP&nbsp; Pr\u00e9sent\u00e9 par : Description de l\u2019atelier : [&hellip;]","_links":{"self":[{"href":"https:\/\/www.carrefourfgafp.ca\/ServicesEducatifsComplementaires\/wp-json\/wp\/v2\/posts\/9891","targetHints":{"allow":["GET"]}}],"collection":[{"href":"https:\/\/www.carrefourfgafp.ca\/ServicesEducatifsComplementaires\/wp-json\/wp\/v2\/posts"}],"about":[{"href":"https:\/\/www.carrefourfgafp.ca\/ServicesEducatifsComplementaires\/wp-json\/wp\/v2\/types\/post"}],"author":[{"embeddable":true,"href":"https:\/\/www.carrefourfgafp.ca\/ServicesEducatifsComplementaires\/wp-json\/wp\/v2\/users\/3"}],"replies":[{"embeddable":true,"href":"https:\/\/www.carrefourfgafp.ca\/ServicesEducatifsComplementaires\/wp-json\/wp\/v2\/comments?post=9891"}],"version-history":[{"count":16,"href":"https:\/\/www.carrefourfgafp.ca\/ServicesEducatifsComplementaires\/wp-json\/wp\/v2\/posts\/9891\/revisions"}],"predecessor-version":[{"id":10061,"href":"https:\/\/www.carrefourfgafp.ca\/ServicesEducatifsComplementaires\/wp-json\/wp\/v2\/posts\/9891\/revisions\/10061"}],"wp:featuredmedia":[{"embeddable":true,"href":"https:\/\/www.carrefourfgafp.ca\/ServicesEducatifsComplementaires\/wp-json\/wp\/v2\/media\/10049"}],"wp:attachment":[{"href":"https:\/\/www.carrefourfgafp.ca\/ServicesEducatifsComplementaires\/wp-json\/wp\/v2\/media?parent=9891"}],"wp:term":[{"taxonomy":"category","embeddable":true,"href":"https:\/\/www.carrefourfgafp.ca\/ServicesEducatifsComplementaires\/wp-json\/wp\/v2\/categories?post=9891"},{"taxonomy":"post_tag","embeddable":true,"href":"https:\/\/www.carrefourfgafp.ca\/ServicesEducatifsComplementaires\/wp-json\/wp\/v2\/tags?post=9891"}],"curies":[{"name":"wp","href":"https:\/\/api.w.org\/{rel}","templated":true}]}}